{"id":388,"date":"2023-03-18T10:46:00","date_gmt":"2023-03-18T13:46:00","guid":{"rendered":"https:\/\/ultragazfranca.com\/?p=388"},"modified":"2023-02-18T11:08:06","modified_gmt":"2023-02-18T14:08:06","slug":"dia-internacional-da-mulher","status":"publish","type":"post","link":"https:\/\/ultragazfranca.com\/index.php\/2023\/03\/18\/dia-internacional-da-mulher\/","title":{"rendered":"Dia Internacional da Mulher"},"content":{"rendered":"\n<p>No Dia das Mulheres, quero celebrar todas as conquistas e lutas que n\u00f3s, mulheres, enfrentamos diariamente. Somos fortes, resilientes e capazes de superar qualquer obst\u00e1culo. Devemos nos orgulhar de quem somos e continuar a lutar por igualdade, respeito e direitos. Aproveitemos este dia para nos inspirar e empoderar umas \u00e0s outras, lembrando que juntas somos ainda mais fortes. Parab\u00e9ns a todas as mulheres guerreiras, que lutam diariamente por um mundo mais justo e igualit\u00e1rio!<\/p>\n","protected":false},"excerpt":{"rendered":"<p>No Dia das Mulheres, quero celebrar todas as conquistas e lutas que n\u00f3s, mulheres, enfrentamos diariamente. Somos fortes, resilientes e capazes de superar qualquer obst\u00e1culo. Devemos nos orgulhar de quem somos e continuar a lutar por igualdade, respeito e direitos. Aproveitemos este dia para nos inspirar e empoderar umas \u00e0s outras, lembrando que juntas somos [&hellip;]<\/p>\n","protected":false},"author":1,"featured_media":389,"comment_status":"open","ping_status":"open","sticky":false,"template":"","format":"standard","meta":{"_et_pb_use_builder":"off","_et_pb_old_content":"","_et_gb_content_width":"","_joinchat":[],"footnotes":""},"categories":[1],"tags":[],"class_list":["post-388","post","type-post","status-publish","format-standard","has-post-thumbnail","hentry","category-sem-categoria"],"yoast_head":"<!-- This site is optimized with the Yoast SEO plugin v25.2 - https:\/\/yoast.com\/wordpress\/plugins\/seo\/ -->\n<title>Dia Internacional da Mulher - Ultragazfranca<\/title>\n<meta name=\"robots\" content=\"index, follow, max-snippet:-1, max-image-preview:large, max-video-preview:-1\" \/>\n<link rel=\"canonical\" href=\"https:\/\/ultragazfranca.com\/index.php\/2023\/03\/18\/dia-internacional-da-mulher\/\" \/>\n<meta property=\"og:locale\" content=\"pt_BR\" \/>\n<meta property=\"og:type\" content=\"article\" \/>\n<meta property=\"og:title\" content=\"Dia Internacional da Mulher - Ultragazfranca\" \/>\n<meta property=\"og:description\" content=\"No Dia das Mulheres, quero celebrar todas as conquistas e lutas que n\u00f3s, mulheres, enfrentamos diariamente. Somos fortes, resilientes e capazes de superar qualquer obst\u00e1culo. Devemos nos orgulhar de quem somos e continuar a lutar por igualdade, respeito e direitos. Aproveitemos este dia para nos inspirar e empoderar umas \u00e0s outras, lembrando que juntas somos [&hellip;]\" \/>\n<meta property=\"og:url\" content=\"https:\/\/ultragazfranca.com\/index.php\/2023\/03\/18\/dia-internacional-da-mulher\/\" \/>\n<meta property=\"og:site_name\" content=\"Ultragazfranca\" \/>\n<meta property=\"article:publisher\" content=\"https:\/\/www.facebook.com\/ultragaz.franca.3\" \/>\n<meta property=\"article:published_time\" content=\"2023-03-18T13:46:00+00:00\" \/>\n<meta property=\"og:image\" content=\"https:\/\/ultragazfranca.com\/wp-content\/uploads\/2023\/02\/Franca-2.png\" \/>\n\t<meta property=\"og:image:width\" content=\"1080\" \/>\n\t<meta property=\"og:image:height\" content=\"1080\" \/>\n\t<meta property=\"og:image:type\" content=\"image\/png\" \/>\n<meta name=\"author\" content=\"contato\" \/>\n<meta name=\"twitter:card\" content=\"summary_large_image\" \/>\n<meta name=\"twitter:label1\" content=\"Escrito por\" \/>\n\t<meta name=\"twitter:data1\" content=\"contato\" \/>\n\t<meta name=\"twitter:label2\" content=\"Est. tempo de leitura\" \/>\n\t<meta name=\"twitter:data2\" content=\"1 minuto\" \/>\n<script type=\"application\/ld+json\" class=\"yoast-schema-graph\">{\"@context\":\"https:\/\/schema.org\",\"@graph\":[{\"@type\":\"Article\",\"@id\":\"https:\/\/ultragazfranca.com\/index.php\/2023\/03\/18\/dia-internacional-da-mulher\/#article\",\"isPartOf\":{\"@id\":\"https:\/\/ultragazfranca.com\/index.php\/2023\/03\/18\/dia-internacional-da-mulher\/\"},\"author\":{\"name\":\"contato\",\"@id\":\"https:\/\/ultragazfranca.com\/#\/schema\/person\/ab53a2dfb8cda569e26bca5fa33a1e37\"},\"headline\":\"Dia Internacional da Mulher\",\"datePublished\":\"2023-03-18T13:46:00+00:00\",\"mainEntityOfPage\":{\"@id\":\"https:\/\/ultragazfranca.com\/index.php\/2023\/03\/18\/dia-internacional-da-mulher\/\"},\"wordCount\":82,\"commentCount\":0,\"publisher\":{\"@id\":\"https:\/\/ultragazfranca.com\/#organization\"},\"image\":{\"@id\":\"https:\/\/ultragazfranca.com\/index.php\/2023\/03\/18\/dia-internacional-da-mulher\/#primaryimage\"},\"thumbnailUrl\":\"https:\/\/ultragazfranca.com\/wp-content\/uploads\/2023\/02\/Franca-2.png\",\"inLanguage\":\"pt-BR\",\"potentialAction\":[{\"@type\":\"CommentAction\",\"name\":\"Comment\",\"target\":[\"https:\/\/ultragazfranca.com\/index.php\/2023\/03\/18\/dia-internacional-da-mulher\/#respond\"]}]},{\"@type\":\"WebPage\",\"@id\":\"https:\/\/ultragazfranca.com\/index.php\/2023\/03\/18\/dia-internacional-da-mulher\/\",\"url\":\"https:\/\/ultragazfranca.com\/index.php\/2023\/03\/18\/dia-internacional-da-mulher\/\",\"name\":\"Dia Internacional da Mulher - Ultragazfranca\",\"isPartOf\":{\"@id\":\"https:\/\/ultragazfranca.com\/#website\"},\"primaryImageOfPage\":{\"@id\":\"https:\/\/ultragazfranca.com\/index.php\/2023\/03\/18\/dia-internacional-da-mulher\/#primaryimage\"},\"image\":{\"@id\":\"https:\/\/ultragazfranca.com\/index.php\/2023\/03\/18\/dia-internacional-da-mulher\/#primaryimage\"},\"thumbnailUrl\":\"https:\/\/ultragazfranca.com\/wp-content\/uploads\/2023\/02\/Franca-2.png\",\"datePublished\":\"2023-03-18T13:46:00+00:00\",\"breadcrumb\":{\"@id\":\"https:\/\/ultragazfranca.com\/index.php\/2023\/03\/18\/dia-internacional-da-mulher\/#breadcrumb\"},\"inLanguage\":\"pt-BR\",\"potentialAction\":[{\"@type\":\"ReadAction\",\"target\":[\"https:\/\/ultragazfranca.com\/index.php\/2023\/03\/18\/dia-internacional-da-mulher\/\"]}]},{\"@type\":\"ImageObject\",\"inLanguage\":\"pt-BR\",\"@id\":\"https:\/\/ultragazfranca.com\/index.php\/2023\/03\/18\/dia-internacional-da-mulher\/#primaryimage\",\"url\":\"https:\/\/ultragazfranca.com\/wp-content\/uploads\/2023\/02\/Franca-2.png\",\"contentUrl\":\"https:\/\/ultragazfranca.com\/wp-content\/uploads\/2023\/02\/Franca-2.png\",\"width\":1080,\"height\":1080},{\"@type\":\"BreadcrumbList\",\"@id\":\"https:\/\/ultragazfranca.com\/index.php\/2023\/03\/18\/dia-internacional-da-mulher\/#breadcrumb\",\"itemListElement\":[{\"@type\":\"ListItem\",\"position\":1,\"name\":\"In\u00edcio\",\"item\":\"https:\/\/ultragazfranca.com\/\"},{\"@type\":\"ListItem\",\"position\":2,\"name\":\"Dia Internacional da Mulher\"}]},{\"@type\":\"WebSite\",\"@id\":\"https:\/\/ultragazfranca.com\/#website\",\"url\":\"https:\/\/ultragazfranca.com\/\",\"name\":\"Ultragazfranca\",\"description\":\"Disk G\u00e1s\",\"publisher\":{\"@id\":\"https:\/\/ultragazfranca.com\/#organization\"},\"potentialAction\":[{\"@type\":\"SearchAction\",\"target\":{\"@type\":\"EntryPoint\",\"urlTemplate\":\"https:\/\/ultragazfranca.com\/?s={search_term_string}\"},\"query-input\":{\"@type\":\"PropertyValueSpecification\",\"valueRequired\":true,\"valueName\":\"search_term_string\"}}],\"inLanguage\":\"pt-BR\"},{\"@type\":\"Organization\",\"@id\":\"https:\/\/ultragazfranca.com\/#organization\",\"name\":\"Ultragaz Franca\",\"url\":\"https:\/\/ultragazfranca.com\/\",\"logo\":{\"@type\":\"ImageObject\",\"inLanguage\":\"pt-BR\",\"@id\":\"https:\/\/ultragazfranca.com\/#\/schema\/logo\/image\/\",\"url\":\"https:\/\/ultragazfranca.com\/wp-content\/uploads\/2022\/07\/cropped-favicon.png\",\"contentUrl\":\"https:\/\/ultragazfranca.com\/wp-content\/uploads\/2022\/07\/cropped-favicon.png\",\"width\":512,\"height\":512,\"caption\":\"Ultragaz Franca\"},\"image\":{\"@id\":\"https:\/\/ultragazfranca.com\/#\/schema\/logo\/image\/\"},\"sameAs\":[\"https:\/\/www.facebook.com\/ultragaz.franca.3\",\"https:\/\/www.instagram.com\/ultragaz.franca\/\"]},{\"@type\":\"Person\",\"@id\":\"https:\/\/ultragazfranca.com\/#\/schema\/person\/ab53a2dfb8cda569e26bca5fa33a1e37\",\"name\":\"contato\",\"image\":{\"@type\":\"ImageObject\",\"inLanguage\":\"pt-BR\",\"@id\":\"https:\/\/ultragazfranca.com\/#\/schema\/person\/image\/\",\"url\":\"https:\/\/secure.gravatar.com\/avatar\/6da3cf06a34e45a24092b4840c8116cd460631eb373da14344c0a5d389cb9adc?s=96&d=mm&r=g\",\"contentUrl\":\"https:\/\/secure.gravatar.com\/avatar\/6da3cf06a34e45a24092b4840c8116cd460631eb373da14344c0a5d389cb9adc?s=96&d=mm&r=g\",\"caption\":\"contato\"},\"sameAs\":[\"http:\/\/ultragazfranca.com\"],\"url\":\"https:\/\/ultragazfranca.com\/index.php\/author\/contato\/\"}]}<\/script>\n<!-- \/ Yoast SEO plugin. -->","yoast_head_json":{"title":"Dia Internacional da Mulher - Ultragazfranca","robots":{"index":"index","follow":"follow","max-snippet":"max-snippet:-1","max-image-preview":"max-image-preview:large","max-video-preview":"max-video-preview:-1"},"canonical":"https:\/\/ultragazfranca.com\/index.php\/2023\/03\/18\/dia-internacional-da-mulher\/","og_locale":"pt_BR","og_type":"article","og_title":"Dia Internacional da Mulher - Ultragazfranca","og_description":"No Dia das Mulheres, quero celebrar todas as conquistas e lutas que n\u00f3s, mulheres, enfrentamos diariamente. Somos fortes, resilientes e capazes de superar qualquer obst\u00e1culo. Devemos nos orgulhar de quem somos e continuar a lutar por igualdade, respeito e direitos. Aproveitemos este dia para nos inspirar e empoderar umas \u00e0s outras, lembrando que juntas somos [&hellip;]","og_url":"https:\/\/ultragazfranca.com\/index.php\/2023\/03\/18\/dia-internacional-da-mulher\/","og_site_name":"Ultragazfranca","article_publisher":"https:\/\/www.facebook.com\/ultragaz.franca.3","article_published_time":"2023-03-18T13:46:00+00:00","og_image":[{"width":1080,"height":1080,"url":"https:\/\/ultragazfranca.com\/wp-content\/uploads\/2023\/02\/Franca-2.png","type":"image\/png"}],"author":"contato","twitter_card":"summary_large_image","twitter_misc":{"Escrito por":"contato","Est. tempo de leitura":"1 minuto"},"schema":{"@context":"https:\/\/schema.org","@graph":[{"@type":"Article","@id":"https:\/\/ultragazfranca.com\/index.php\/2023\/03\/18\/dia-internacional-da-mulher\/#article","isPartOf":{"@id":"https:\/\/ultragazfranca.com\/index.php\/2023\/03\/18\/dia-internacional-da-mulher\/"},"author":{"name":"contato","@id":"https:\/\/ultragazfranca.com\/#\/schema\/person\/ab53a2dfb8cda569e26bca5fa33a1e37"},"headline":"Dia Internacional da Mulher","datePublished":"2023-03-18T13:46:00+00:00","mainEntityOfPage":{"@id":"https:\/\/ultragazfranca.com\/index.php\/2023\/03\/18\/dia-internacional-da-mulher\/"},"wordCount":82,"commentCount":0,"publisher":{"@id":"https:\/\/ultragazfranca.com\/#organization"},"image":{"@id":"https:\/\/ultragazfranca.com\/index.php\/2023\/03\/18\/dia-internacional-da-mulher\/#primaryimage"},"thumbnailUrl":"https:\/\/ultragazfranca.com\/wp-content\/uploads\/2023\/02\/Franca-2.png","inLanguage":"pt-BR","potentialAction":[{"@type":"CommentAction","name":"Comment","target":["https:\/\/ultragazfranca.com\/index.php\/2023\/03\/18\/dia-internacional-da-mulher\/#respond"]}]},{"@type":"WebPage","@id":"https:\/\/ultragazfranca.com\/index.php\/2023\/03\/18\/dia-internacional-da-mulher\/","url":"https:\/\/ultragazfranca.com\/index.php\/2023\/03\/18\/dia-internacional-da-mulher\/","name":"Dia Internacional da Mulher - Ultragazfranca","isPartOf":{"@id":"https:\/\/ultragazfranca.com\/#website"},"primaryImageOfPage":{"@id":"https:\/\/ultragazfranca.com\/index.php\/2023\/03\/18\/dia-internacional-da-mulher\/#primaryimage"},"image":{"@id":"https:\/\/ultragazfranca.com\/index.php\/2023\/03\/18\/dia-internacional-da-mulher\/#primaryimage"},"thumbnailUrl":"https:\/\/ultragazfranca.com\/wp-content\/uploads\/2023\/02\/Franca-2.png","datePublished":"2023-03-18T13:46:00+00:00","breadcrumb":{"@id":"https:\/\/ultragazfranca.com\/index.php\/2023\/03\/18\/dia-internacional-da-mulher\/#breadcrumb"},"inLanguage":"pt-BR","potentialAction":[{"@type":"ReadAction","target":["https:\/\/ultragazfranca.com\/index.php\/2023\/03\/18\/dia-internacional-da-mulher\/"]}]},{"@type":"ImageObject","inLanguage":"pt-BR","@id":"https:\/\/ultragazfranca.com\/index.php\/2023\/03\/18\/dia-internacional-da-mulher\/#primaryimage","url":"https:\/\/ultragazfranca.com\/wp-content\/uploads\/2023\/02\/Franca-2.png","contentUrl":"https:\/\/ultragazfranca.com\/wp-content\/uploads\/2023\/02\/Franca-2.png","width":1080,"height":1080},{"@type":"BreadcrumbList","@id":"https:\/\/ultragazfranca.com\/index.php\/2023\/03\/18\/dia-internacional-da-mulher\/#breadcrumb","itemListElement":[{"@type":"ListItem","position":1,"name":"In\u00edcio","item":"https:\/\/ultragazfranca.com\/"},{"@type":"ListItem","position":2,"name":"Dia Internacional da Mulher"}]},{"@type":"WebSite","@id":"https:\/\/ultragazfranca.com\/#website","url":"https:\/\/ultragazfranca.com\/","name":"Ultragazfranca","description":"Disk G\u00e1s","publisher":{"@id":"https:\/\/ultragazfranca.com\/#organization"},"potentialAction":[{"@type":"SearchAction","target":{"@type":"EntryPoint","urlTemplate":"https:\/\/ultragazfranca.com\/?s={search_term_string}"},"query-input":{"@type":"PropertyValueSpecification","valueRequired":true,"valueName":"search_term_string"}}],"inLanguage":"pt-BR"},{"@type":"Organization","@id":"https:\/\/ultragazfranca.com\/#organization","name":"Ultragaz Franca","url":"https:\/\/ultragazfranca.com\/","logo":{"@type":"ImageObject","inLanguage":"pt-BR","@id":"https:\/\/ultragazfranca.com\/#\/schema\/logo\/image\/","url":"https:\/\/ultragazfranca.com\/wp-content\/uploads\/2022\/07\/cropped-favicon.png","contentUrl":"https:\/\/ultragazfranca.com\/wp-content\/uploads\/2022\/07\/cropped-favicon.png","width":512,"height":512,"caption":"Ultragaz Franca"},"image":{"@id":"https:\/\/ultragazfranca.com\/#\/schema\/logo\/image\/"},"sameAs":["https:\/\/www.facebook.com\/ultragaz.franca.3","https:\/\/www.instagram.com\/ultragaz.franca\/"]},{"@type":"Person","@id":"https:\/\/ultragazfranca.com\/#\/schema\/person\/ab53a2dfb8cda569e26bca5fa33a1e37","name":"contato","image":{"@type":"ImageObject","inLanguage":"pt-BR","@id":"https:\/\/ultragazfranca.com\/#\/schema\/person\/image\/","url":"https:\/\/secure.gravatar.com\/avatar\/6da3cf06a34e45a24092b4840c8116cd460631eb373da14344c0a5d389cb9adc?s=96&d=mm&r=g","contentUrl":"https:\/\/secure.gravatar.com\/avatar\/6da3cf06a34e45a24092b4840c8116cd460631eb373da14344c0a5d389cb9adc?s=96&d=mm&r=g","caption":"contato"},"sameAs":["http:\/\/ultragazfranca.com"],"url":"https:\/\/ultragazfranca.com\/index.php\/author\/contato\/"}]}},"_links":{"self":[{"href":"https:\/\/ultragazfranca.com\/index.php\/wp-json\/wp\/v2\/posts\/388","targetHints":{"allow":["GET"]}}],"collection":[{"href":"https:\/\/ultragazfranca.com\/index.php\/wp-json\/wp\/v2\/posts"}],"about":[{"href":"https:\/\/ultragazfranca.com\/index.php\/wp-json\/wp\/v2\/types\/post"}],"author":[{"embeddable":true,"href":"https:\/\/ultragazfranca.com\/index.php\/wp-json\/wp\/v2\/users\/1"}],"replies":[{"embeddable":true,"href":"https:\/\/ultragazfranca.com\/index.php\/wp-json\/wp\/v2\/comments?post=388"}],"version-history":[{"count":1,"href":"https:\/\/ultragazfranca.com\/index.php\/wp-json\/wp\/v2\/posts\/388\/revisions"}],"predecessor-version":[{"id":390,"href":"https:\/\/ultragazfranca.com\/index.php\/wp-json\/wp\/v2\/posts\/388\/revisions\/390"}],"wp:featuredmedia":[{"embeddable":true,"href":"https:\/\/ultragazfranca.com\/index.php\/wp-json\/wp\/v2\/media\/389"}],"wp:attachment":[{"href":"https:\/\/ultragazfranca.com\/index.php\/wp-json\/wp\/v2\/media?parent=388"}],"wp:term":[{"taxonomy":"category","embeddable":true,"href":"https:\/\/ultragazfranca.com\/index.php\/wp-json\/wp\/v2\/categories?post=388"},{"taxonomy":"post_tag","embeddable":true,"href":"https:\/\/ultragazfranca.com\/index.php\/wp-json\/wp\/v2\/tags?post=388"}],"curies":[{"name":"wp","href":"https:\/\/api.w.org\/{rel}","templated":true}]}}